{"id":1820,"date":"2020-09-04T09:53:17","date_gmt":"2020-09-04T09:53:17","guid":{"rendered":"https:\/\/www.origo-reality.cz\/blog\/?p=1820"},"modified":"2020-09-04T09:53:38","modified_gmt":"2020-09-04T09:53:38","slug":"sezona-topeni-zacina","status":"publish","type":"post","link":"https:\/\/www.origo-reality.cz\/blog\/lifestyle\/sezona-topeni-zacina\/","title":{"rendered":"Sez\u00f3na topen\u00ed za\u010d\u00edn\u00e1"},"content":{"rendered":"<p><strong>Na vesnic\u00edch a ve \u010dtvrt\u00edch s rodinn\u00fdmi domy za\u010d\u00e1tek topn\u00e9 sez\u00f3ny poznal u\u017e i n\u00e1\u0161 nos. Nen\u00ed to je\u0161t\u011b ofici\u00e1ln\u00ed topn\u00e1 sez\u00f3na, ale kdo m\u00e1 doma kamna, krb \u010di kotel, pravd\u011bpodobn\u011b ji\u017e v p\u0159edchoz\u00edch dnech zatopil. P\u0159ed n\u00e1mi je te\u010f posledn\u00edch p\u00e1r tepl\u00fdch dn\u016f a top\u00edme! \u010c\u00edm v\u0161\u00edm se dnes top\u00ed?<\/strong><!--more--><\/p>\n<h2>Mo\u017enost\u00ed, \u010d\u00edm topit, je mnoho. \u010clov\u011bk m\u00e1 pocit, \u017ee dokonce p\u0159ib\u00fdvaj\u00ed<\/h2>\n<p>V\u0161echny alternativy topen\u00ed snad nejde ani vyjmenovat. V prvn\u00ed \u0159ad\u011b je jde rozd\u011blit na\u00a0<b>topen\u00ed lok\u00e1ln\u00ed, \u00fast\u0159edn\u00ed a d\u00e1lkov\u00e9<\/b>. D\u00e1lkov\u011b dod\u00e1van\u00e9 teplo ze spole\u010dn\u00fdch kotelen si u\u017e\u00edv\u00e1me t\u0159eba v panelov\u00fdch z\u00e1stavb\u00e1ch. Star\u0161\u00ed byty maj\u00ed \u010dasto vlastn\u00ed plynov\u00fd kotel, n\u011bkdy t\u00e9\u017e plynov\u00e9 p\u0159\u00edmotopy, tzv. vavky, kter\u00e9 p\u0159edstavuj\u00ed lok\u00e1ln\u00ed topen\u00ed pro jednotliv\u00e9 m\u00edstnosti.<\/p>\n<p>Elektrick\u00fdmi p\u0159\u00edmotopy se top\u00ed m\u00e1lo, jde o n\u00e1kladn\u00fd zp\u016fsob topen\u00ed. Slou\u017e\u00ed sp\u00ed\u0161e k dot\u00e1p\u011bn\u00ed n\u011bkter\u00fdch m\u00edstnost\u00ed. Vyu\u017e\u00edvaj\u00ed se kr\u00e1tkodob\u011b, nebo jako z\u00e1lo\u017en\u00ed zdroj topen\u00ed v p\u0159\u00edpad\u011b, \u017ee top\u00edme neautomatick\u00fdm zp\u016fsobem, tedy nap\u0159\u00edklad ru\u010dn\u00edm p\u0159ikl\u00e1d\u00e1n\u00edm do kotle, na p\u00e1r dn\u016f se pot\u0159ebujeme vzd\u00e1lit, a tak elektrick\u00e9 p\u0159\u00edmotopy vyu\u017eijeme k topen\u00ed na tzv. nez\u00e1mrznou teplotu. Prost\u011b aby n\u00e1m bar\u00e1k nepromrzl, a hlavn\u011b aby n\u00e1m v n\u011bm nezmrzla voda.<\/p>\n<h2>Nejpest\u0159ej\u0161\u00ed mo\u017enosti topen\u00ed m\u00e1me v rodinn\u00fdch domech<\/h2>\n<p>Do \u00favahy p\u0159ipad\u00e1 zejm\u00e9na\u00a0<b>\u00fast\u0159edn\u00ed topen\u00ed s kotlem<\/b>\u00a0\u2013 plynov\u00fdm, elektrick\u00fdm, na tuh\u00e1 paliva (uhl\u00ed, d\u0159evo, pelety).\u00a0<b>Mnohdy se v\u0161ak ale top\u00ed i lok\u00e1ln\u011b,<\/b>\u00a0nej\u010dast\u011bji tuh\u00fdmi palivy. Zaj\u00edmavou mo\u017enost\u00ed dot\u00e1p\u011bn\u00ed je dnes pak infratopen\u00ed. Tam, kde se v\u00e1m nepoda\u0159\u00ed nap\u0159\u00edklad ve velk\u00e9 chalup\u011b zvednout dostate\u010dn\u011b teplotu, lze m\u00edstn\u011b vyu\u017e\u00edt elektrick\u00e9 topen\u00ed ve form\u011b infratopen\u00ed. To neoh\u0159\u00edv\u00e1 vzduch, ale pouze t\u011blesa. Energie pro na\u0161e zah\u0159\u00e1t\u00ed je tak vyu\u017e\u00edvan\u00e1 efektivn\u011b a \u00fa\u010dinek je okam\u017eit\u00fd.<\/p>\n<h2>I na vesnice v\u0161ak ji\u017e dorazila modern\u00ed doba tepeln\u00fdch \u010derpadel<\/h2>\n<p>P\u0159esto\u017ee jsou jednozna\u010dn\u011b\u00a0<b>nejlep\u0161\u00edmi syst\u00e9my zem\u011b-voda<\/b>, jejich instalace je n\u00e1ro\u010dn\u011bj\u0161\u00ed, pot\u0159ebujete t\u00e9\u017e k tomu dostate\u010dn\u011b velk\u00fd pozemek a vy\u0161\u0161\u00ed vstupn\u00ed investice.\u00a0<b>Hitem p\u0159edev\u0161\u00edm tepeln\u00e1 \u010derpadla vzduch-voda<\/b>. Maj\u00ed v\u0161ak nev\u00fdhodu, netop\u00ed p\u0159i ni\u017e\u0161\u00ed venkovn\u00ed teplot\u011b ne\u017e je -15 \u00b0C. Z tohoto d\u016fvodu se mus\u00ed doplnit t\u0159eba automaticky sp\u00ednateln\u00fdm elektrokotlem, eventu\u00e1ln\u011b se probl\u00e9m v problematick\u00fdch t\u00fddnech, kter\u00fdch neb\u00fdv\u00e1 v\u00edce ne\u017e dva a\u017e \u010dty\u0159i ro\u010dn\u011b, \u0159e\u0161\u00ed dot\u00e1p\u011bn\u00edm jin\u00fdmi zp\u016fsoby. Tepeln\u00e1 \u010derpadla maj\u00ed je\u0161t\u011b jednu vlastnost, kterou je nutn\u00e9 br\u00e1t v potaz \u2013 vyu\u017e\u00edvaj\u00ed k topen\u00ed m\u00e9dium o n\u00edzk\u00e9 teplot\u011b, proto je nutn\u00e9 jej kombinovat nap\u0159\u00edklad s podlahov\u00fdm topen\u00edm.<\/p>\n<h2>Kter\u00e9 topen\u00ed je nejekologi\u010dt\u011bj\u0161\u00ed?<\/h2>\n<p>Obecn\u011b se dnes preferuj\u00ed pr\u00e1v\u011b posledn\u011b zm\u00edn\u011bn\u00e1 tepeln\u00e1 \u010derpadla. Av\u0161ak pravdou je, \u017ee ani topen\u00ed tuh\u00fdmi palivy nemus\u00ed b\u00fdt neekologick\u00e9 a \u0161kodit \u017eivotn\u00edmu prost\u0159ed\u00ed. Mnohdy je d\u016fle\u017eit\u011bj\u0161\u00ed ne\u017e to, \u010d\u00edm top\u00edme, zp\u016fsob, jak top\u00edme. Tedy jestli pou\u017e\u00edv\u00e1me kamna s dokonal\u00fdm spalov\u00e1n\u00edm, zda jsou vhodn\u00e1 pro na\u0161e topivo, a t\u00e9\u017e, jak jej m\u00e1me p\u0159ipraveno. Mokr\u00fdm a \u010derstv\u011b vyt\u011b\u017een\u00fdm d\u0159evem nah\u00e1zen\u00fdm do kamen se bude z va\u0161eho kom\u00ednu valit stejn\u00fd p\u00e1chnouc\u00ed d\u00fdm, jako kdy\u017e budete topit nekvalitn\u00edm uhl\u00edm. P\u0159itom ods\u00ed\u0159en\u00e9 uheln\u00e9 brikety i dob\u0159e vysu\u0161en\u00e9 d\u0159evo, oboj\u00ed ve spr\u00e1vn\u00fdch kamnech, rozhodn\u011b \u017e\u00e1dn\u00fdmi zne\u010di\u0161\u0165ovateli nejsou.<\/p>\n","protected":false},"excerpt":{"rendered":"<p>Na vesnic\u00edch a ve \u010dtvrt\u00edch s rodinn\u00fdmi domy za\u010d\u00e1tek topn\u00e9 sez\u00f3ny poznal u\u017e i n\u00e1\u0161 nos. Nen\u00ed to je\u0161t\u011b ofici\u00e1ln\u00ed topn\u00e1 sez\u00f3na, ale kdo m\u00e1 doma kamna, krb \u010di kotel, pravd\u011bpodobn\u011b ji\u017e v p\u0159edchoz\u00edch dnech zatopil. P\u0159ed n\u00e1mi je te\u010f posledn\u00edch p\u00e1r tepl\u00fdch dn\u016f a top\u00edme! \u010c\u00edm v\u0161\u00edm se dnes top\u00ed?<\/p>\n","protected":false},"author":1,"featured_media":1821,"comment_status":"open","ping_status":"open","sticky":false,"template":"","format":"standard","meta":{"footnotes":""},"categories":[168,173],"tags":[178,181,177,180,179],"class_list":["post-1820","post","type-post","status-publish","format-standard","has-post-thumbnail","hentry","category-lifestyle","category-penize","tag-otop","tag-teplo","tag-topeni","tag-zima","tag-zimni-sezona"],"yoast_head":"<!-- This site is optimized with the Yoast SEO plugin v24.8.1 - https:\/\/yoast.com\/wordpress\/plugins\/seo\/ -->\n<title>Origo-reality blog - Sez\u00f3na topen\u00ed za\u010d\u00edn\u00e1 - rubrika Lifestyle<\/title>\n<meta name=\"description\" content=\"Na vesnic\u00edch a ve \u010dtvrt\u00edch s rodinn\u00fdmi domy za\u010d\u00e1tek topn\u00e9 sez\u00f3ny poznal u\u017e i n\u00e1\u0161 nos. P\u0159ed n\u00e1mi je p\u00e1r tepl\u00fdch dn\u016f a top\u00edme! \u010c\u00edm v\u0161\u00edm se dnes top\u00ed?\" \/>\n<meta name=\"robots\" content=\"index, follow, max-snippet:-1, max-image-preview:large, max-video-preview:-1\" \/>\n<link rel=\"canonical\" href=\"https:\/\/www.origo-reality.cz\/blog\/lifestyle\/sezona-topeni-zacina\/\" \/>\n<meta property=\"og:locale\" content=\"cs_CZ\" \/>\n<meta property=\"og:type\" content=\"article\" \/>\n<meta property=\"og:title\" content=\"Origo-reality blog - Sez\u00f3na topen\u00ed za\u010d\u00edn\u00e1 - rubrika Lifestyle\" \/>\n<meta property=\"og:description\" content=\"Na vesnic\u00edch a ve \u010dtvrt\u00edch s rodinn\u00fdmi domy za\u010d\u00e1tek topn\u00e9 sez\u00f3ny poznal u\u017e i n\u00e1\u0161 nos. P\u0159ed n\u00e1mi je p\u00e1r tepl\u00fdch dn\u016f a top\u00edme! \u010c\u00edm v\u0161\u00edm se dnes top\u00ed?\" \/>\n<meta property=\"og:url\" content=\"https:\/\/www.origo-reality.cz\/blog\/lifestyle\/sezona-topeni-zacina\/\" \/>\n<meta property=\"og:site_name\" content=\"Origo-reality blog\" \/>\n<meta property=\"article:published_time\" content=\"2020-09-04T09:53:17+00:00\" \/>\n<meta property=\"article:modified_time\" content=\"2020-09-04T09:53:38+00:00\" \/>\n<meta property=\"og:image\" content=\"https:\/\/blog.origo-reality.cz\/wp-content\/uploads\/2020\/09\/radiator-250558_1280.jpg\" \/>\n\t<meta property=\"og:image:width\" content=\"1280\" \/>\n\t<meta property=\"og:image:height\" content=\"850\" \/>\n\t<meta property=\"og:image:type\" content=\"image\/jpeg\" \/>\n<meta name=\"author\" content=\"admin\" \/>\n<meta name=\"twitter:card\" content=\"summary_large_image\" \/>\n<meta name=\"twitter:label1\" content=\"Napsal(a)\" \/>\n\t<meta name=\"twitter:data1\" content=\"admin\" \/>\n\t<meta name=\"twitter:label2\" content=\"Odhadovan\u00e1 doba \u010dten\u00ed\" \/>\n\t<meta name=\"twitter:data2\" content=\"3 minuty\" \/>\n<script type=\"application\/ld+json\" class=\"yoast-schema-graph\">{\"@context\":\"https:\/\/schema.org\",\"@graph\":[{\"@type\":\"WebPage\",\"@id\":\"https:\/\/www.origo-reality.cz\/blog\/lifestyle\/sezona-topeni-zacina\/\",\"url\":\"https:\/\/www.origo-reality.cz\/blog\/lifestyle\/sezona-topeni-zacina\/\",\"name\":\"Origo-reality blog - Sez\u00f3na topen\u00ed za\u010d\u00edn\u00e1 - rubrika Lifestyle\",\"isPartOf\":{\"@id\":\"https:\/\/www.origo-reality.cz\/blog\/#website\"},\"primaryImageOfPage\":{\"@id\":\"https:\/\/www.origo-reality.cz\/blog\/lifestyle\/sezona-topeni-zacina\/#primaryimage\"},\"image\":{\"@id\":\"https:\/\/www.origo-reality.cz\/blog\/lifestyle\/sezona-topeni-zacina\/#primaryimage\"},\"thumbnailUrl\":\"https:\/\/blog.origo-reality.cz\/wp-content\/uploads\/2020\/09\/radiator-250558_1280.jpg\",\"datePublished\":\"2020-09-04T09:53:17+00:00\",\"dateModified\":\"2020-09-04T09:53:38+00:00\",\"author\":{\"@id\":\"https:\/\/www.origo-reality.cz\/blog\/#\/schema\/person\/d7407e10d2444260932866923f307d27\"},\"description\":\"Na vesnic\u00edch a ve \u010dtvrt\u00edch s rodinn\u00fdmi domy za\u010d\u00e1tek topn\u00e9 sez\u00f3ny poznal u\u017e i n\u00e1\u0161 nos. P\u0159ed n\u00e1mi je p\u00e1r tepl\u00fdch dn\u016f a top\u00edme! \u010c\u00edm v\u0161\u00edm se dnes top\u00ed?\",\"breadcrumb\":{\"@id\":\"https:\/\/www.origo-reality.cz\/blog\/lifestyle\/sezona-topeni-zacina\/#breadcrumb\"},\"inLanguage\":\"cs\",\"potentialAction\":[{\"@type\":\"ReadAction\",\"target\":[\"https:\/\/www.origo-reality.cz\/blog\/lifestyle\/sezona-topeni-zacina\/\"]}]},{\"@type\":\"ImageObject\",\"inLanguage\":\"cs\",\"@id\":\"https:\/\/www.origo-reality.cz\/blog\/lifestyle\/sezona-topeni-zacina\/#primaryimage\",\"url\":\"https:\/\/blog.origo-reality.cz\/wp-content\/uploads\/2020\/09\/radiator-250558_1280.jpg\",\"contentUrl\":\"https:\/\/blog.origo-reality.cz\/wp-content\/uploads\/2020\/09\/radiator-250558_1280.jpg\",\"width\":1280,\"height\":850},{\"@type\":\"BreadcrumbList\",\"@id\":\"https:\/\/www.origo-reality.cz\/blog\/lifestyle\/sezona-topeni-zacina\/#breadcrumb\",\"itemListElement\":[{\"@type\":\"ListItem\",\"position\":1,\"name\":\"Dom\u016f\",\"item\":\"https:\/\/www.origo-reality.cz\/blog\/\"},{\"@type\":\"ListItem\",\"position\":2,\"name\":\"Sez\u00f3na topen\u00ed za\u010d\u00edn\u00e1\"}]},{\"@type\":\"WebSite\",\"@id\":\"https:\/\/www.origo-reality.cz\/blog\/#website\",\"url\":\"https:\/\/www.origo-reality.cz\/blog\/\",\"name\":\"Origo-reality blog\",\"description\":\"Origo-reality blog\",\"potentialAction\":[{\"@type\":\"SearchAction\",\"target\":{\"@type\":\"EntryPoint\",\"urlTemplate\":\"https:\/\/www.origo-reality.cz\/blog\/?s={search_term_string}\"},\"query-input\":{\"@type\":\"PropertyValueSpecification\",\"valueRequired\":true,\"valueName\":\"search_term_string\"}}],\"inLanguage\":\"cs\"},{\"@type\":\"Person\",\"@id\":\"https:\/\/www.origo-reality.cz\/blog\/#\/schema\/person\/d7407e10d2444260932866923f307d27\",\"name\":\"admin\",\"image\":{\"@type\":\"ImageObject\",\"inLanguage\":\"cs\",\"@id\":\"https:\/\/www.origo-reality.cz\/blog\/#\/schema\/person\/image\/\",\"url\":\"https:\/\/secure.gravatar.com\/avatar\/f9acd3e7e358f3afb75f777cc79d93ba?s=96&d=mm&r=g\",\"contentUrl\":\"https:\/\/secure.gravatar.com\/avatar\/f9acd3e7e358f3afb75f777cc79d93ba?s=96&d=mm&r=g\",\"caption\":\"admin\"},\"url\":\"https:\/\/www.origo-reality.cz\/blog\/author\/admin\/\"}]}<\/script>\n<!-- \/ Yoast SEO plugin. -->","yoast_head_json":{"title":"Origo-reality blog - Sez\u00f3na topen\u00ed za\u010d\u00edn\u00e1 - rubrika Lifestyle","description":"Na vesnic\u00edch a ve \u010dtvrt\u00edch s rodinn\u00fdmi domy za\u010d\u00e1tek topn\u00e9 sez\u00f3ny poznal u\u017e i n\u00e1\u0161 nos. P\u0159ed n\u00e1mi je p\u00e1r tepl\u00fdch dn\u016f a top\u00edme! \u010c\u00edm v\u0161\u00edm se dnes top\u00ed?","robots":{"index":"index","follow":"follow","max-snippet":"max-snippet:-1","max-image-preview":"max-image-preview:large","max-video-preview":"max-video-preview:-1"},"canonical":"https:\/\/www.origo-reality.cz\/blog\/lifestyle\/sezona-topeni-zacina\/","og_locale":"cs_CZ","og_type":"article","og_title":"Origo-reality blog - Sez\u00f3na topen\u00ed za\u010d\u00edn\u00e1 - rubrika Lifestyle","og_description":"Na vesnic\u00edch a ve \u010dtvrt\u00edch s rodinn\u00fdmi domy za\u010d\u00e1tek topn\u00e9 sez\u00f3ny poznal u\u017e i n\u00e1\u0161 nos. P\u0159ed n\u00e1mi je p\u00e1r tepl\u00fdch dn\u016f a top\u00edme! \u010c\u00edm v\u0161\u00edm se dnes top\u00ed?","og_url":"https:\/\/www.origo-reality.cz\/blog\/lifestyle\/sezona-topeni-zacina\/","og_site_name":"Origo-reality blog","article_published_time":"2020-09-04T09:53:17+00:00","article_modified_time":"2020-09-04T09:53:38+00:00","og_image":[{"width":1280,"height":850,"url":"https:\/\/blog.origo-reality.cz\/wp-content\/uploads\/2020\/09\/radiator-250558_1280.jpg","type":"image\/jpeg"}],"author":"admin","twitter_card":"summary_large_image","twitter_misc":{"Napsal(a)":"admin","Odhadovan\u00e1 doba \u010dten\u00ed":"3 minuty"},"schema":{"@context":"https:\/\/schema.org","@graph":[{"@type":"WebPage","@id":"https:\/\/www.origo-reality.cz\/blog\/lifestyle\/sezona-topeni-zacina\/","url":"https:\/\/www.origo-reality.cz\/blog\/lifestyle\/sezona-topeni-zacina\/","name":"Origo-reality blog - Sez\u00f3na topen\u00ed za\u010d\u00edn\u00e1 - rubrika Lifestyle","isPartOf":{"@id":"https:\/\/www.origo-reality.cz\/blog\/#website"},"primaryImageOfPage":{"@id":"https:\/\/www.origo-reality.cz\/blog\/lifestyle\/sezona-topeni-zacina\/#primaryimage"},"image":{"@id":"https:\/\/www.origo-reality.cz\/blog\/lifestyle\/sezona-topeni-zacina\/#primaryimage"},"thumbnailUrl":"https:\/\/blog.origo-reality.cz\/wp-content\/uploads\/2020\/09\/radiator-250558_1280.jpg","datePublished":"2020-09-04T09:53:17+00:00","dateModified":"2020-09-04T09:53:38+00:00","author":{"@id":"https:\/\/www.origo-reality.cz\/blog\/#\/schema\/person\/d7407e10d2444260932866923f307d27"},"description":"Na vesnic\u00edch a ve \u010dtvrt\u00edch s rodinn\u00fdmi domy za\u010d\u00e1tek topn\u00e9 sez\u00f3ny poznal u\u017e i n\u00e1\u0161 nos. P\u0159ed n\u00e1mi je p\u00e1r tepl\u00fdch dn\u016f a top\u00edme! \u010c\u00edm v\u0161\u00edm se dnes top\u00ed?","breadcrumb":{"@id":"https:\/\/www.origo-reality.cz\/blog\/lifestyle\/sezona-topeni-zacina\/#breadcrumb"},"inLanguage":"cs","potentialAction":[{"@type":"ReadAction","target":["https:\/\/www.origo-reality.cz\/blog\/lifestyle\/sezona-topeni-zacina\/"]}]},{"@type":"ImageObject","inLanguage":"cs","@id":"https:\/\/www.origo-reality.cz\/blog\/lifestyle\/sezona-topeni-zacina\/#primaryimage","url":"https:\/\/blog.origo-reality.cz\/wp-content\/uploads\/2020\/09\/radiator-250558_1280.jpg","contentUrl":"https:\/\/blog.origo-reality.cz\/wp-content\/uploads\/2020\/09\/radiator-250558_1280.jpg","width":1280,"height":850},{"@type":"BreadcrumbList","@id":"https:\/\/www.origo-reality.cz\/blog\/lifestyle\/sezona-topeni-zacina\/#breadcrumb","itemListElement":[{"@type":"ListItem","position":1,"name":"Dom\u016f","item":"https:\/\/www.origo-reality.cz\/blog\/"},{"@type":"ListItem","position":2,"name":"Sez\u00f3na topen\u00ed za\u010d\u00edn\u00e1"}]},{"@type":"WebSite","@id":"https:\/\/www.origo-reality.cz\/blog\/#website","url":"https:\/\/www.origo-reality.cz\/blog\/","name":"Origo-reality blog","description":"Origo-reality blog","potentialAction":[{"@type":"SearchAction","target":{"@type":"EntryPoint","urlTemplate":"https:\/\/www.origo-reality.cz\/blog\/?s={search_term_string}"},"query-input":{"@type":"PropertyValueSpecification","valueRequired":true,"valueName":"search_term_string"}}],"inLanguage":"cs"},{"@type":"Person","@id":"https:\/\/www.origo-reality.cz\/blog\/#\/schema\/person\/d7407e10d2444260932866923f307d27","name":"admin","image":{"@type":"ImageObject","inLanguage":"cs","@id":"https:\/\/www.origo-reality.cz\/blog\/#\/schema\/person\/image\/","url":"https:\/\/secure.gravatar.com\/avatar\/f9acd3e7e358f3afb75f777cc79d93ba?s=96&d=mm&r=g","contentUrl":"https:\/\/secure.gravatar.com\/avatar\/f9acd3e7e358f3afb75f777cc79d93ba?s=96&d=mm&r=g","caption":"admin"},"url":"https:\/\/www.origo-reality.cz\/blog\/author\/admin\/"}]}},"_links":{"self":[{"href":"https:\/\/www.origo-reality.cz\/blog\/wp-json\/wp\/v2\/posts\/1820","targetHints":{"allow":["GET"]}}],"collection":[{"href":"https:\/\/www.origo-reality.cz\/blog\/wp-json\/wp\/v2\/posts"}],"about":[{"href":"https:\/\/www.origo-reality.cz\/blog\/wp-json\/wp\/v2\/types\/post"}],"author":[{"embeddable":true,"href":"https:\/\/www.origo-reality.cz\/blog\/wp-json\/wp\/v2\/users\/1"}],"replies":[{"embeddable":true,"href":"https:\/\/www.origo-reality.cz\/blog\/wp-json\/wp\/v2\/comments?post=1820"}],"version-history":[{"count":2,"href":"https:\/\/www.origo-reality.cz\/blog\/wp-json\/wp\/v2\/posts\/1820\/revisions"}],"predecessor-version":[{"id":1823,"href":"https:\/\/www.origo-reality.cz\/blog\/wp-json\/wp\/v2\/posts\/1820\/revisions\/1823"}],"wp:featuredmedia":[{"embeddable":true,"href":"https:\/\/www.origo-reality.cz\/blog\/wp-json\/wp\/v2\/media\/1821"}],"wp:attachment":[{"href":"https:\/\/www.origo-reality.cz\/blog\/wp-json\/wp\/v2\/media?parent=1820"}],"wp:term":[{"taxonomy":"category","embeddable":true,"href":"https:\/\/www.origo-reality.cz\/blog\/wp-json\/wp\/v2\/categories?post=1820"},{"taxonomy":"post_tag","embeddable":true,"href":"https:\/\/www.origo-reality.cz\/blog\/wp-json\/wp\/v2\/tags?post=1820"}],"curies":[{"name":"wp","href":"https:\/\/api.w.org\/{rel}","templated":true}]}}